{"id":36246,"date":"2017-07-13T08:20:48","date_gmt":"2017-07-13T06:20:48","guid":{"rendered":"https:\/\/mastella.it\/magazine\/badmoebel\/das-badezimmer-im-norden-europas\/"},"modified":"2022-11-24T15:50:06","modified_gmt":"2022-11-24T14:50:06","slug":"das-badezimmer-im-norden-europas","status":"publish","type":"post","link":"https:\/\/mastella.it\/de\/innenarchitektur\/das-badezimmer-im-norden-europas\/","title":{"rendered":"Das Badezimmer im Norden Europas"},"content":{"rendered":"<p>Eine <strong>Wohn- und Lebensart<\/strong> mit reinen und nat\u00fcrlichen Materialien, Komfort und W\u00e4rme, geometrischen Linien, welche doch nicht zu streng ausfallen und viel Licht \u2013 das alles kennzeichnet das einzigartige, nordische Design.<\/p>\n<p>F\u00fcr die V\u00f6lker des n\u00f6rdlichen Europas ist <strong>Geselligkeit sehr wichtig<\/strong>, weshalb die ger\u00e4umigsten und am besten ausgestatteten R\u00e4ume des Hauses das Wohnzimmer und die K\u00fcche sind. Die alte und noch stets lebendige <strong>Tradition des Saunierens<\/strong> ist vor allem in Schweden und Finnland verbreitet und ist ein Beispiel f\u00fcr das Bed\u00fcrfnis, sich in Gesellschaft der K\u00f6rperpflege zu widmen. Eine Sauna kann einen eigenen Platz einnehmen oder auch direkt im Badezimmer integriert werden.<\/p>\n<p>Der skandinavische Stil steht im Einklang mit den Regeln des modernen Designs, einfache Formen, klare Linien und Schlichtheit spielen eine gro\u00dfe Rolle und sorgen f\u00fcr Wohlbefinden. Das praktisch und komfortabel eingerichtete Badezimmer ist im hohen Norden ein besonders gepflegter Raum und durch Einfachheit und Weichheit der Formen und <strong>eine fast obsessive Aufmerksamkeit f\u00fcr jedes Detail<\/strong> charakterisiert.<\/p>\n<h2>Stil, Material und Farben<\/h2>\n<p>Funktionalit\u00e4t und \u00c4sthetik gehen Hand in Hand und folgen der Philosophie des \u201e<strong><em>less is more<\/em><\/strong>\u201c: Alles, was \u00fcberfl\u00fcssig ist, wird beseitigt und der Raum wird dank der Vorliebe f\u00fcr nat\u00fcrliche Materialien in klaren und opaken Farben zu einem einfachen, sauberen, freundlichen und entspannenden Zimmer.<\/p>\n<p>Der Protagonist offener R\u00e4ume \u2013 <strong>Holz<\/strong> \u2013 wird zusammen mit <strong>Glas<\/strong> und wei\u00dfer <strong>Keramik<\/strong> zum vorherrschenden Element.<\/p>\n<p>Zur Erh\u00f6hung der Helligkeit haben angesichts der begrenzten Stunden Tageslicht im Winter die H\u00e4user gro\u00dfe Fenster und ist die am h\u00e4ufigsten verwendete Wandverkleidung die gl\u00e4nzend wei\u00dfe Metro-Fliese, welche oft mit Schwarz f\u00fcr die wenigen dekorativen Details kombiniert wird. Diejenigen, die einen Hauch von Farbe bevorzugen, greifen auf ged\u00e4mpfte Farben wie Gr\u00fcn, Blau und Grau zur\u00fcck. Ein gro\u00dfer Spiegel, um mehr Helligkeit zu erzeugen, ist ebenso ein Muss.<\/p>\n<h2>Die Einrichtung<\/h2>\n<p>Die <a href=\"https:\/\/mastella.it\/de\/produktkategorie\/duschen-duschtassen\/\">Duschkabine<\/a> ist in der Regel sehr gro\u00df und durch eine d\u00fcnne Platte oder oft durch einen direkten Bodenablauf gekennzeichnet. In auserleseneren Badezimmer wird eine eigene Nische f\u00fcr die Dusche gebaut oder wird die Kabine durch eine elegante Glast\u00fcr im minimalistischen Design begrenzt.<\/p>\n<figure id=\"attachment_2401\" aria-describedby=\"caption-attachment-2401\" style=\"width: 412px\" class=\"wp-caption aligncenter\"><a href=\"http:\/\/www.mastelladesign.it\/de\/badeinrichtung\/duschen-5\/walk-in-duschkabine-koral-ko12s\" target=\"_blank\" rel=\"noopener\"><img loading=\"lazy\" class=\"wp-image-2401 size-full\" src=\"https:\/\/mastella.it\/wp-content\/uploads\/2022\/10\/doccia-Koral.jpg\" alt=\"Koral\" width=\"412\" height=\"550\" \/><\/a><figcaption id=\"caption-attachment-2401\" class=\"wp-caption-text\">Dusche Koral, Design Oriano Favaretto f\u00fcr Mastella Design<\/figcaption><\/figure>\n<p>F\u00fcr die Aufbewahrung der Badutensilien werden vorzugsweise Regale, Mauernischen oder Spiegelschr\u00e4nke verwendet. Wenn vorhanden, ist das <a href=\"https:\/\/mastella.it\/de\/produktkategorie\/badeinrichtung\/modulare-badmoebel\/\">Badezimmerm\u00f6bel<\/a> durch klares, minimalistisches Design in hellen und matten Farben gekennzeichnet.<\/p>\n<figure id=\"attachment_2403\" aria-describedby=\"caption-attachment-2403\" style=\"width: 450px\" class=\"wp-caption aligncenter\"><a href=\"http:\/\/www.mastella.it\/en\/bathroom-solutions\/vanity-cabinets\/open-shelving-units-02\"><img loading=\"lazy\" class=\"wp-image-2403 size-full\" src=\"https:\/\/mastella.it\/wp-content\/uploads\/2022\/10\/Summit.jpg\" alt=\"Kollektion Summit, Mastella\" width=\"450\" height=\"675\" \/><\/a><figcaption id=\"caption-attachment-2403\" class=\"wp-caption-text\">Kollektion Summit, Mastella<\/figcaption><\/figure>\n<h2>Die Sanit\u00e4ranlangen<\/h2>\n<p><strong>Waschbecken und WC<\/strong> sind in den Badezimmern des hohen Nordens strikt aus wei\u00dfer Keramik. Wie in den meisten L\u00e4ndern der Welt wird das Bidet nicht verwendet.<\/p>\n<p>Die Waschtafel ist auf das Wesentlichste reduziert und oft auf einer schlichten Platte aus hellem Holz installiert.<\/p>\n<figure id=\"attachment_2402\" aria-describedby=\"caption-attachment-2402\" style=\"width: 450px\" class=\"wp-caption aligncenter\"><a href=\"http:\/\/www.mastelladesign.it\/de\/badeinrichtung\/waschbecken-2\/aufsatzwaschbecken-marte-uno-ft02\" target=\"_blank\" rel=\"noopener\"><img loading=\"lazy\" class=\"wp-image-2402\" src=\"https:\/\/mastella.it\/wp-content\/uploads\/2022\/10\/Marte-Uno-767x1024.jpg\" alt=\"Aufsatzwaschtisch Marte Uno, Mastella Design\" width=\"450\" height=\"601\" \/><\/a><figcaption id=\"caption-attachment-2402\" class=\"wp-caption-text\">Aufsatzwaschtisch Marte Uno, Mastella Design<\/figcaption><\/figure>\n<p>Wenn eine Badewanne vorgesehen ist, wird sie entweder im Retrostil oder im modernen Design gehalten. Meist steht sie frei im Raum und kommt ohne \u00fcberfl\u00fcssige Dekoration aus.<\/p>\n<p>Bemerkenswert ist die Verwendung von <strong>freiliegenden Rohrleitungen<\/strong> in verchromtem Metall, welche Ab- und Zufl\u00fcsse entlang der Wand leiten. Diese Praxis, die in unseren Breiten seltsam erscheinen mag, erlaubt eine gro\u00dfe Freiheit bei der Positionierung der Sanit\u00e4ranlagen, garantiert erhebliche Kosteneinsparungen und wird vor allem von Liebhabern des industriellen Stils als dekoratives Element gesch\u00e4tzt.<\/p>\n<p>Zusammenfassend l\u00e4sst sich feststellen, dass die Badezimmer des hohen Nordens zwar nicht durch Luxus und \u00dcberfluss gekennzeichnet sind, aber eine <strong>klare Eleganz<\/strong> ausstrahlen und damit eine perfekte Balance von Funktionalit\u00e4t und \u00c4sthetik verk\u00f6rpern.<\/p>\n","protected":false},"excerpt":{"rendered":"<p>Eine Wohn- und Lebensart mit reinen und nat\u00fcrlichen Materialien, Komfort und W\u00e4rme, geometrischen Linien, welche doch nicht zu streng ausfallen und viel Licht \u2013 das alles kennzeichnet das einzigartige, nordische Design. F\u00fcr die V\u00f6lker des n\u00f6rdlichen Europas ist Geselligkeit sehr wichtig, weshalb die ger\u00e4umigsten und am besten ausgestatteten R\u00e4ume des Hauses das Wohnzimmer und die [&hellip;]<\/p>\n","protected":false},"author":93,"featured_media":34615,"comment_status":"closed","ping_status":"closed","sticky":false,"template":"","format":"standard","meta":[],"categories":[357],"tags":[],"ordinamento":[],"_links":{"self":[{"href":"https:\/\/mastella.it\/de\/wp-json\/wp\/v2\/posts\/36246"}],"collection":[{"href":"https:\/\/mastella.it\/de\/wp-json\/wp\/v2\/posts"}],"about":[{"href":"https:\/\/mastella.it\/de\/wp-json\/wp\/v2\/types\/post"}],"author":[{"embeddable":true,"href":"https:\/\/mastella.it\/de\/wp-json\/wp\/v2\/users\/93"}],"replies":[{"embeddable":true,"href":"https:\/\/mastella.it\/de\/wp-json\/wp\/v2\/comments?post=36246"}],"version-history":[{"count":3,"href":"https:\/\/mastella.it\/de\/wp-json\/wp\/v2\/posts\/36246\/revisions"}],"predecessor-version":[{"id":37458,"href":"https:\/\/mastella.it\/de\/wp-json\/wp\/v2\/posts\/36246\/revisions\/37458"}],"wp:featuredmedia":[{"embeddable":true,"href":"https:\/\/mastella.it\/de\/wp-json\/wp\/v2\/media\/34615"}],"wp:attachment":[{"href":"https:\/\/mastella.it\/de\/wp-json\/wp\/v2\/media?parent=36246"}],"wp:term":[{"taxonomy":"category","embeddable":true,"href":"https:\/\/mastella.it\/de\/wp-json\/wp\/v2\/categories?post=36246"},{"taxonomy":"post_tag","embeddable":true,"href":"https:\/\/mastella.it\/de\/wp-json\/wp\/v2\/tags?post=36246"},{"taxonomy":"ordinamento","embeddable":true,"href":"https:\/\/mastella.it\/de\/wp-json\/wp\/v2\/ordinamento?post=36246"}],"curies":[{"name":"wp","href":"https:\/\/api.w.org\/{rel}","templated":true}]}}